{"id":1076,"date":"2026-03-23T10:42:10","date_gmt":"2026-03-23T10:42:10","guid":{"rendered":"https:\/\/ekamia.eu\/blog\/?p=1076"},"modified":"2026-04-14T09:50:35","modified_gmt":"2026-04-14T09:50:35","slug":"%f0%9f%9b%8f%ef%b8%8f-como-saber-si-necesitas-una-cama-articulada-en-casa","status":"publish","type":"post","link":"https:\/\/ekamia.eu\/blog\/%f0%9f%9b%8f%ef%b8%8f-como-saber-si-necesitas-una-cama-articulada-en-casa\/","title":{"rendered":"\ud83d\udecf\ufe0f C\u00f3mo saber si necesitas una cama articulada en casa"},"content":{"rendered":"\t\t<div data-elementor-type=\"wp-post\" data-elementor-id=\"1076\" class=\"elementor elementor-1076\" data-elementor-post-type=\"post\">\n\t\t\t\t\t\t<section class=\"elementor-section elementor-top-section elementor-element elementor-element-df66e9a elementor-section-boxed elementor-section-height-default elementor-section-height-default\" data-id=\"df66e9a\" data-element_type=\"section\" data-e-type=\"section\">\n\t\t\t\t\t\t<div class=\"elementor-container elementor-column-gap-default\">\n\t\t\t\t\t<div class=\"elementor-column elementor-col-100 elementor-top-column elementor-element elementor-element-109a567\" data-id=\"109a567\" data-element_type=\"column\" data-e-type=\"column\">\n\t\t\t<div class=\"elementor-widget-wrap elementor-element-populated\">\n\t\t\t\t\t\t<div class=\"elementor-element elementor-element-9f35437 elementor-widget elementor-widget-heading\" data-id=\"9f35437\" data-element_type=\"widget\" data-e-type=\"widget\" data-widget_type=\"heading.default\">\n\t\t\t\t<div class=\"elementor-widget-container\">\n\t\t\t\t\t<h1 class=\"elementor-heading-title elementor-size-default\">\ud83d\udecf\ufe0f C\u00f3mo saber si necesitas una cama articulada en casa<\/h1>\t\t\t\t<\/div>\n\t\t\t\t<\/div>\n\t\t\t\t<div class=\"elementor-element elementor-element-362a5a0 elementor-widget elementor-widget-text-editor\" data-id=\"362a5a0\" data-element_type=\"widget\" data-e-type=\"widget\" data-widget_type=\"text-editor.default\">\n\t\t\t\t<div class=\"elementor-widget-container\">\n\t\t\t\t\t\t\t\t\t<p data-start=\"322\" data-end=\"500\">Cada vez m\u00e1s personas se plantean incorporar una <a href=\"https:\/\/ekamia.eu\/es\/16-todas-las-camas-articuladas-de-hogar\">cama articulada<\/a> en casa, pero muchas veces aparece la misma duda: <strong data-start=\"437\" data-end=\"500\">\u00bfde verdad la necesito o con una cama normal es suficiente?<\/strong><\/p><p data-start=\"502\" data-end=\"730\">La respuesta depende de tu descanso, tu movilidad y tus necesidades diarias. Una cama articulada no es solo para hospitales o personas dependientes: en muchos casos, puede mejorar mucho la comodidad y la calidad de vida en casa.<\/p><h2 data-section-id=\"8v18bu\" data-start=\"732\" data-end=\"766\">\ud83d\udd0d \u00bfQu\u00e9 es una cama articulada?<\/h2><p data-start=\"768\" data-end=\"872\">Una cama articulada permite <strong data-start=\"796\" data-end=\"833\">elevar distintas zonas del somier<\/strong>, normalmente la espalda y las piernas.<\/p><p data-start=\"874\" data-end=\"1043\">\ud83d\udc49 En los modelos el\u00e9ctricos, estos movimientos se controlan con mando.<br data-start=\"945\" data-end=\"948\" \/>\ud83d\udc49 As\u00ed puedes adaptar la postura para dormir, descansar, leer o incorporarte con m\u00e1s facilidad.<\/p><hr data-start=\"1045\" data-end=\"1048\" \/><h2 data-section-id=\"1gmzmxq\" data-start=\"1050\" data-end=\"1107\">\u2705 Se\u00f1ales de que podr\u00edas necesitar una cama articulada<\/h2><h4 data-section-id=\"13iv9o6\" data-start=\"1109\" data-end=\"1169\">1. \ud83d\ude34 Te cuesta encontrar una postura c\u00f3moda para dormir<\/h4><p data-start=\"1170\" data-end=\"1320\">Si das muchas vueltas, te despiertas a menudo o no terminas de descansar bien, una cama articulada puede ayudarte a encontrar una posici\u00f3n m\u00e1s c\u00f3moda.<\/p><h4 data-section-id=\"3jcmio\" data-start=\"1322\" data-end=\"1376\">2. \ud83d\udd19 Tienes dolor de espalda o molestias lumbares<\/h4><p data-start=\"1377\" data-end=\"1482\">Ajustar ligeramente la postura puede reducir tensiones y mejorar el apoyo del cuerpo durante el descanso.<\/p><h4 data-section-id=\"aznouz\" data-start=\"1484\" data-end=\"1536\">3. \ud83e\udec1 Necesitas dormir con la cabeza incorporada<\/h4><p data-start=\"1537\" data-end=\"1655\">Puede ser \u00fatil si duermes mejor con el tronco un poco elevado, por comodidad o por determinadas molestias al tumbarte.<\/p><h4 data-section-id=\"1epk0c2\" data-start=\"1657\" data-end=\"1709\">4. \ud83e\uddb5 Sientes pesadez o hinchaz\u00f3n en las piernas<\/h4><p data-start=\"1710\" data-end=\"1795\">Elevar las piernas ayuda a descansar mejor y puede aliviar la sensaci\u00f3n de cansancio.<\/p><h4 data-section-id=\"106qhdb\" data-start=\"1797\" data-end=\"1853\">5. \ud83d\udeb6 <a href=\"https:\/\/ekamia.eu\/es\/15-accesorios\">Te cuesta incorporarte o levantarte de la cama<\/a><\/h4><p data-start=\"1854\" data-end=\"1937\">Al elevar el respaldo, pasar de tumbado a sentado resulta mucho m\u00e1s f\u00e1cil y c\u00f3modo.<\/p><h4 data-section-id=\"r1dmxx\" data-start=\"1939\" data-end=\"2005\">6. \ud83d\udc75 Hay una persona mayor en casa que necesita m\u00e1s comodidad<\/h4><p data-start=\"2006\" data-end=\"2129\"><a href=\"https:\/\/ekamia.eu\/es\/24-camas-con-barandillas-de-hogar\">Una cama articulada puede mejorar mucho el descanso<\/a> y la autonom\u00eda de una persona mayor, aunque no exista gran dependencia.<\/p><h4 data-section-id=\"8j3b9g\" data-start=\"2131\" data-end=\"2191\">7. \ud83c\udfe1 <a href=\"https:\/\/ekamia.eu\/es\/14-camas-geriatricas-articuladas\">Pasas m\u00e1s tiempo en cama por reposo o recuperaci\u00f3n<\/a><\/h4><p data-start=\"2192\" data-end=\"2283\">En etapas de recuperaci\u00f3n, poder cambiar de postura f\u00e1cilmente ayuda mucho en el d\u00eda a d\u00eda.<\/p><hr data-start=\"2285\" data-end=\"2288\" \/><h2 data-section-id=\"1r1trfz\" data-start=\"2290\" data-end=\"2326\">\ud83d\udc64 \u00bfQui\u00e9n suele beneficiarse m\u00e1s?<\/h2><p data-start=\"2328\" data-end=\"2380\">Una cama articulada puede ser una buena opci\u00f3n para:<\/p><ul data-start=\"2382\" data-end=\"2615\"><li data-section-id=\"h4d2l4\" data-start=\"2382\" data-end=\"2405\">\ud83d\udc74 Personas mayores<\/li><li data-section-id=\"xx8uhu\" data-start=\"2406\" data-end=\"2443\">\u267f Personas con movilidad reducida<\/li><li data-section-id=\"iifocx\" data-start=\"2444\" data-end=\"2484\">\ud83d\udd19 Personas con molestias de espalda<\/li><li data-section-id=\"ulc0z5\" data-start=\"2485\" data-end=\"2534\">\ud83e\udec1 Personas que necesitan dormir incorporadas<\/li><li data-section-id=\"1iafrlf\" data-start=\"2535\" data-end=\"2566\">\ud83e\ude79 Personas en recuperaci\u00f3n<\/li><li data-section-id=\"z634x9\" data-start=\"2567\" data-end=\"2615\">\ud83d\udecc <a href=\"https:\/\/ekamia.eu\/es\/19-camas-matrimonio-de-hogar\">Parejas que buscan descanso personalizado<\/a><\/li><\/ul><hr data-start=\"2617\" data-end=\"2620\" \/><h2 data-section-id=\"1nrylsb\" data-start=\"2622\" data-end=\"2672\">\u2728 Ventajas de tener una cama articulada en casa<\/h2><h3 data-section-id=\"105dw5m\" data-start=\"2674\" data-end=\"2696\">\ud83e\uddd8 Mayor comodidad<\/h3><p data-start=\"2697\" data-end=\"2743\">Permite adaptar la postura seg\u00fan cada momento.<\/p><h3 data-section-id=\"i2enj2\" data-start=\"2745\" data-end=\"2766\">\ud83c\udf19 Mejor descanso<\/h3><p data-start=\"2767\" data-end=\"2836\">Dormir en una posici\u00f3n m\u00e1s adecuada puede ayudarte a descansar mejor.<\/p><h3 data-section-id=\"9gvbw2\" data-start=\"2838\" data-end=\"2876\">\ud83d\ude4c M\u00e1s facilidad para incorporarse<\/h3><p data-start=\"2877\" data-end=\"2920\">Muy \u00fatil para personas con menos movilidad.<\/p><h3 data-section-id=\"ulwbt0\" data-start=\"2922\" data-end=\"2942\">\ud83c\udfae M\u00e1s autonom\u00eda<\/h3><p data-start=\"2943\" data-end=\"3016\">En los modelos el\u00e9ctricos, el usuario puede regular la cama con un mando.<\/p><h3 data-section-id=\"1abx4f\" data-start=\"3018\" data-end=\"3046\">\ud83c\udfe0 M\u00e1s bienestar en casa<\/h3><p data-start=\"3047\" data-end=\"3118\">Convierte el dormitorio en un espacio m\u00e1s pr\u00e1ctico, c\u00f3modo y adaptable.<\/p><hr data-start=\"3120\" data-end=\"3123\" \/><h2 data-section-id=\"7vnhg3\" data-start=\"3125\" data-end=\"3170\">\u2753 \u00bfSiempre hace falta una cama geri\u00e1trica?<\/h2><p data-start=\"3172\" data-end=\"3238\">No.<br data-start=\"3175\" data-end=\"3178\" \/>Muchas veces <strong data-start=\"3191\" data-end=\"3237\">una <a href=\"https:\/\/ekamia.eu\/es\/16-todas-las-camas-articuladas-de-hogar\">cama articulada<\/a> de hogar es suficiente<\/strong>.<\/p><h3 data-section-id=\"weg187\" data-start=\"3240\" data-end=\"3272\">\ud83d\udecf\ufe0f Cama articulada de hogar<\/h3><p data-start=\"3273\" data-end=\"3289\">Ideal si buscas:<\/p><ul data-start=\"3290\" data-end=\"3387\"><li data-section-id=\"1o6vi3e\" data-start=\"3290\" data-end=\"3303\">m\u00e1s confort<\/li><li data-section-id=\"1m8e0xh\" data-start=\"3304\" data-end=\"3320\">mejor descanso<\/li><li data-section-id=\"1jj71at\" data-start=\"3321\" data-end=\"3350\">facilidad para incorporarte<\/li><li data-section-id=\"ipbm4o\" data-start=\"3351\" data-end=\"3387\">uso diario en un dormitorio normal<\/li><\/ul><h3 data-section-id=\"1ilwipw\" data-start=\"3389\" data-end=\"3411\">\ud83c\udfe5 Cama geri\u00e1trica<\/h3><p data-start=\"3412\" data-end=\"3442\">M\u00e1s recomendable si necesitas:<\/p><ul data-start=\"3443\" data-end=\"3535\"><li data-section-id=\"1jzzzd\" data-start=\"3443\" data-end=\"3456\"><a href=\"https:\/\/ekamia.eu\/es\/todas-las-camas-articuladas-de-hogar\/102-cama-electrica-eris.html\">barandillas<\/a><\/li><li data-section-id=\"1qtiui1\" data-start=\"3457\" data-end=\"3472\">m\u00e1s seguridad<\/li><li data-section-id=\"9zwv8k\" data-start=\"3473\" data-end=\"3505\">ayuda frecuente de un cuidador<\/li><li data-section-id=\"l51ppt\" data-start=\"3506\" data-end=\"3535\">funciones m\u00e1s asistenciales<\/li><\/ul><hr data-start=\"3537\" data-end=\"3540\" \/><h2 data-section-id=\"1w991w0\" data-start=\"3542\" data-end=\"3592\">\ud83e\udde9 Preguntas r\u00e1pidas para saber si la necesitas<\/h2><p data-start=\"3594\" data-end=\"3616\">Hazte estas preguntas:<\/p><ul data-start=\"3618\" data-end=\"3878\"><li data-section-id=\"1bm17vb\" data-start=\"3618\" data-end=\"3648\">\u2705 \u00bfTe cuesta descansar bien?<\/li><li data-section-id=\"2qsded\" data-start=\"3649\" data-end=\"3702\">\u2705 \u00bfTienes dolores o molestias frecuentes al dormir?<\/li><li data-section-id=\"g3r0bj\" data-start=\"3703\" data-end=\"3731\">\u2705 \u00bfTe cuesta incorporarte?<\/li><li data-section-id=\"z8aplt\" data-start=\"3732\" data-end=\"3778\">\u2705 \u00bfTe vendr\u00eda bien elevar espalda o piernas?<\/li><li data-section-id=\"f15kam\" data-start=\"3779\" data-end=\"3841\">\u2705 \u00bfHay una persona mayor en casa que necesita m\u00e1s comodidad?<\/li><li data-section-id=\"54uf7h\" data-start=\"3842\" data-end=\"3878\">\u2705 \u00bfEst\u00e1s en reposo o recuperaci\u00f3n?<\/li><\/ul><p data-start=\"3880\" data-end=\"3978\">\ud83d\udc49 Si respondes <strong data-start=\"3896\" data-end=\"3911\">s\u00ed a varias<\/strong>, una cama articulada puede ser una muy buena opci\u00f3n para tu hogar.<\/p><hr data-start=\"3980\" data-end=\"3983\" \/><h2 data-section-id=\"1o7107f\" data-start=\"3985\" data-end=\"4001\">\ud83d\udccc Conclusi\u00f3n<\/h2><p data-start=\"4003\" data-end=\"4223\">Saber si necesitas una cama articulada en casa no depende solo de la edad o de una enfermedad. Muchas veces la se\u00f1al est\u00e1 en el d\u00eda a d\u00eda: dormir mal, tener molestias, necesitar incorporarte mejor o buscar m\u00e1s comodidad.<\/p><p data-start=\"4225\" data-end=\"4268\">Una cama articulada puede ayudarte a ganar:<\/p><ul data-start=\"4270\" data-end=\"4338\"><li data-section-id=\"1yde72n\" data-start=\"4270\" data-end=\"4284\">\u2705 descanso<\/li><li data-section-id=\"19ko5kf\" data-start=\"4285\" data-end=\"4300\">\u2705 comodidad<\/li><li data-section-id=\"1lfz92a\" data-start=\"4301\" data-end=\"4316\">\u2705 autonom\u00eda<\/li><li data-section-id=\"1plu1m8\" data-start=\"4317\" data-end=\"4338\">\u2705 calidad de vida<\/li><\/ul><p data-start=\"4340\" data-end=\"4549\">En Ekamia contamos con <a href=\"https:\/\/ekamia.eu\/es\/content\/17-camas-articuladas-por-modelo\">diferentes opciones de camas articuladas<\/a> para adaptarnos a cada necesidad, desde modelos de uso dom\u00e9stico hasta soluciones m\u00e1s espec\u00edficas para personas mayores o con movilidad reducida.<\/p>\t\t\t\t\t\t\t\t<\/div>\n\t\t\t\t<\/div>\n\t\t\t\t\t<\/div>\n\t\t<\/div>\n\t\t\t\t\t<\/div>\n\t\t<\/section>\n\t\t\t\t<\/div>\n\t\t","protected":false},"excerpt":{"rendered":"<p>\ud83d\udecf\ufe0f C\u00f3mo saber si necesitas una cama articulada en casa Cada vez m\u00e1s personas se plantean incorporar una cama articulada en casa, pero muchas veces aparece la misma duda: \u00bfde verdad la necesito o con una cama normal es suficiente? La respuesta depende de tu descanso, tu movilidad y tus necesidades diarias. Una cama articulada [&hellip;]<\/p>\n","protected":false},"author":1,"featured_media":1085,"comment_status":"open","ping_status":"open","sticky":false,"template":"","format":"standard","meta":{"site-sidebar-layout":"default","site-content-layout":"","ast-site-content-layout":"default","site-content-style":"default","site-sidebar-style":"default","ast-global-header-display":"","ast-banner-title-visibility":"","ast-main-header-display":"","ast-hfb-above-header-display":"","ast-hfb-below-header-display":"","ast-hfb-mobile-header-display":"","site-post-title":"","ast-breadcrumbs-content":"","ast-featured-img":"","footer-sml-layout":"","theme-transparent-header-meta":"","adv-header-id-meta":"","stick-header-meta":"","header-above-stick-meta":"","header-main-stick-meta":"","header-below-stick-meta":"","astra-migrate-meta-layouts":"set","ast-page-background-enabled":"default","ast-page-background-meta":{"desktop":{"background-color":"var(--ast-global-color-4)","background-image":"","background-repeat":"repeat","background-position":"center center","background-size":"auto","background-attachment":"scroll","background-type":"","background-media":"","overlay-type":"","overlay-color":"","overlay-opacity":"","overlay-gradient":""},"tablet":{"background-color":"","background-image":"","background-repeat":"repeat","background-position":"center center","background-size":"auto","background-attachment":"scroll","background-type":"","background-media":"","overlay-type":"","overlay-color":"","overlay-opacity":"","overlay-gradient":""},"mobile":{"background-color":"","background-image":"","background-repeat":"repeat","background-position":"center center","background-size":"auto","background-attachment":"scroll","background-type":"","background-media":"","overlay-type":"","overlay-color":"","overlay-opacity":"","overlay-gradient":""}},"ast-content-background-meta":{"desktop":{"background-color":"var(--ast-global-color-5)","background-image":"","background-repeat":"repeat","background-position":"center center","background-size":"auto","background-attachment":"scroll","background-type":"","background-media":"","overlay-type":"","overlay-color":"","overlay-opacity":"","overlay-gradient":""},"tablet":{"background-color":"var(--ast-global-color-5)","background-image":"","background-repeat":"repeat","background-position":"center center","background-size":"auto","background-attachment":"scroll","background-type":"","background-media":"","overlay-type":"","overlay-color":"","overlay-opacity":"","overlay-gradient":""},"mobile":{"background-color":"var(--ast-global-color-5)","background-image":"","background-repeat":"repeat","background-position":"center center","background-size":"auto","background-attachment":"scroll","background-type":"","background-media":"","overlay-type":"","overlay-color":"","overlay-opacity":"","overlay-gradient":""}},"_joinchat":[],"footnotes":""},"categories":[1],"tags":[],"class_list":["post-1076","post","type-post","status-publish","format-standard","has-post-thumbnail","hentry","category-camas-articuladas-electricas"],"yoast_head":"<!-- This site is optimized with the Yoast SEO plugin v25.4 - https:\/\/yoast.com\/wordpress\/plugins\/seo\/ -->\n<title>\ud83d\udecf\ufe0f C\u00f3mo saber si necesitas una cama articulada en casa -<\/title>\n<meta name=\"robots\" content=\"index, follow, max-snippet:-1, max-image-preview:large, max-video-preview:-1\" \/>\n<link rel=\"canonical\" href=\"https:\/\/ekamia.eu\/blog\/\ud83d\udecf\ufe0f-como-saber-si-necesitas-una-cama-articulada-en-casa\/\" \/>\n<meta property=\"og:locale\" content=\"es_ES\" \/>\n<meta property=\"og:type\" content=\"article\" \/>\n<meta property=\"og:title\" content=\"\ud83d\udecf\ufe0f C\u00f3mo saber si necesitas una cama articulada en casa -\" \/>\n<meta property=\"og:description\" content=\"\ud83d\udecf\ufe0f C\u00f3mo saber si necesitas una cama articulada en casa Cada vez m\u00e1s personas se plantean incorporar una cama articulada en casa, pero muchas veces aparece la misma duda: \u00bfde verdad la necesito o con una cama normal es suficiente? La respuesta depende de tu descanso, tu movilidad y tus necesidades diarias. Una cama articulada [&hellip;]\" \/>\n<meta property=\"og:url\" content=\"https:\/\/ekamia.eu\/blog\/\ud83d\udecf\ufe0f-como-saber-si-necesitas-una-cama-articulada-en-casa\/\" \/>\n<meta property=\"article:published_time\" content=\"2026-03-23T10:42:10+00:00\" \/>\n<meta property=\"article:modified_time\" content=\"2026-04-14T09:50:35+00:00\" \/>\n<meta property=\"og:image\" content=\"https:\/\/ekamia.eu\/blog\/wp-content\/uploads\/2026\/03\/ChatGPT-Image-23-mar-2026-11_55_10-1-1024x683.png\" \/>\n\t<meta property=\"og:image:width\" content=\"1024\" \/>\n\t<meta property=\"og:image:height\" content=\"683\" \/>\n\t<meta property=\"og:image:type\" content=\"image\/png\" \/>\n<meta name=\"author\" content=\"ekamia-dreams\" \/>\n<meta name=\"twitter:card\" content=\"summary_large_image\" \/>\n<meta name=\"twitter:label1\" content=\"Escrito por\" \/>\n\t<meta name=\"twitter:data1\" content=\"ekamia-dreams\" \/>\n\t<meta name=\"twitter:label2\" content=\"Tiempo de lectura\" \/>\n\t<meta name=\"twitter:data2\" content=\"12 minutos\" \/>\n<script type=\"application\/ld+json\" class=\"yoast-schema-graph\">{\"@context\":\"https:\/\/schema.org\",\"@graph\":[{\"@type\":\"WebPage\",\"@id\":\"https:\/\/ekamia.eu\/blog\/%f0%9f%9b%8f%ef%b8%8f-como-saber-si-necesitas-una-cama-articulada-en-casa\/\",\"url\":\"https:\/\/ekamia.eu\/blog\/%f0%9f%9b%8f%ef%b8%8f-como-saber-si-necesitas-una-cama-articulada-en-casa\/\",\"name\":\"\ud83d\udecf\ufe0f C\u00f3mo saber si necesitas una cama articulada en casa -\",\"isPartOf\":{\"@id\":\"https:\/\/ekamia.eu\/blog\/#website\"},\"primaryImageOfPage\":{\"@id\":\"https:\/\/ekamia.eu\/blog\/%f0%9f%9b%8f%ef%b8%8f-como-saber-si-necesitas-una-cama-articulada-en-casa\/#primaryimage\"},\"image\":{\"@id\":\"https:\/\/ekamia.eu\/blog\/%f0%9f%9b%8f%ef%b8%8f-como-saber-si-necesitas-una-cama-articulada-en-casa\/#primaryimage\"},\"thumbnailUrl\":\"https:\/\/ekamia.eu\/blog\/wp-content\/uploads\/2026\/03\/ChatGPT-Image-23-mar-2026-11_55_10-1.png\",\"datePublished\":\"2026-03-23T10:42:10+00:00\",\"dateModified\":\"2026-04-14T09:50:35+00:00\",\"author\":{\"@id\":\"https:\/\/ekamia.eu\/blog\/#\/schema\/person\/118a4a21431587915cd9329047345f28\"},\"breadcrumb\":{\"@id\":\"https:\/\/ekamia.eu\/blog\/%f0%9f%9b%8f%ef%b8%8f-como-saber-si-necesitas-una-cama-articulada-en-casa\/#breadcrumb\"},\"inLanguage\":\"es\",\"potentialAction\":[{\"@type\":\"ReadAction\",\"target\":[\"https:\/\/ekamia.eu\/blog\/%f0%9f%9b%8f%ef%b8%8f-como-saber-si-necesitas-una-cama-articulada-en-casa\/\"]}]},{\"@type\":\"ImageObject\",\"inLanguage\":\"es\",\"@id\":\"https:\/\/ekamia.eu\/blog\/%f0%9f%9b%8f%ef%b8%8f-como-saber-si-necesitas-una-cama-articulada-en-casa\/#primaryimage\",\"url\":\"https:\/\/ekamia.eu\/blog\/wp-content\/uploads\/2026\/03\/ChatGPT-Image-23-mar-2026-11_55_10-1.png\",\"contentUrl\":\"https:\/\/ekamia.eu\/blog\/wp-content\/uploads\/2026\/03\/ChatGPT-Image-23-mar-2026-11_55_10-1.png\",\"width\":1536,\"height\":1024},{\"@type\":\"BreadcrumbList\",\"@id\":\"https:\/\/ekamia.eu\/blog\/%f0%9f%9b%8f%ef%b8%8f-como-saber-si-necesitas-una-cama-articulada-en-casa\/#breadcrumb\",\"itemListElement\":[{\"@type\":\"ListItem\",\"position\":1,\"name\":\"Portada\",\"item\":\"https:\/\/ekamia.eu\/blog\/\"},{\"@type\":\"ListItem\",\"position\":2,\"name\":\"\ud83d\udecf\ufe0f C\u00f3mo saber si necesitas una cama articulada en casa\"}]},{\"@type\":\"WebSite\",\"@id\":\"https:\/\/ekamia.eu\/blog\/#website\",\"url\":\"https:\/\/ekamia.eu\/blog\/\",\"name\":\"\",\"description\":\"\",\"potentialAction\":[{\"@type\":\"SearchAction\",\"target\":{\"@type\":\"EntryPoint\",\"urlTemplate\":\"https:\/\/ekamia.eu\/blog\/?s={search_term_string}\"},\"query-input\":{\"@type\":\"PropertyValueSpecification\",\"valueRequired\":true,\"valueName\":\"search_term_string\"}}],\"inLanguage\":\"es\"},{\"@type\":\"Person\",\"@id\":\"https:\/\/ekamia.eu\/blog\/#\/schema\/person\/118a4a21431587915cd9329047345f28\",\"name\":\"ekamia-dreams\",\"image\":{\"@type\":\"ImageObject\",\"inLanguage\":\"es\",\"@id\":\"https:\/\/ekamia.eu\/blog\/#\/schema\/person\/image\/\",\"url\":\"https:\/\/secure.gravatar.com\/avatar\/3f9efff1535a437b844dd4a213cc6dc145e3823a5b6f5945cfa2782d9238760a?s=96&d=mm&r=g\",\"contentUrl\":\"https:\/\/secure.gravatar.com\/avatar\/3f9efff1535a437b844dd4a213cc6dc145e3823a5b6f5945cfa2782d9238760a?s=96&d=mm&r=g\",\"caption\":\"ekamia-dreams\"},\"sameAs\":[\"http:\/\/ekamia.eu\/blog\"],\"url\":\"https:\/\/ekamia.eu\/blog\/author\/ekamia-dreams\/\"}]}<\/script>\n<!-- \/ Yoast SEO plugin. -->","yoast_head_json":{"title":"\ud83d\udecf\ufe0f C\u00f3mo saber si necesitas una cama articulada en casa -","robots":{"index":"index","follow":"follow","max-snippet":"max-snippet:-1","max-image-preview":"max-image-preview:large","max-video-preview":"max-video-preview:-1"},"canonical":"https:\/\/ekamia.eu\/blog\/\ud83d\udecf\ufe0f-como-saber-si-necesitas-una-cama-articulada-en-casa\/","og_locale":"es_ES","og_type":"article","og_title":"\ud83d\udecf\ufe0f C\u00f3mo saber si necesitas una cama articulada en casa -","og_description":"\ud83d\udecf\ufe0f C\u00f3mo saber si necesitas una cama articulada en casa Cada vez m\u00e1s personas se plantean incorporar una cama articulada en casa, pero muchas veces aparece la misma duda: \u00bfde verdad la necesito o con una cama normal es suficiente? La respuesta depende de tu descanso, tu movilidad y tus necesidades diarias. Una cama articulada [&hellip;]","og_url":"https:\/\/ekamia.eu\/blog\/\ud83d\udecf\ufe0f-como-saber-si-necesitas-una-cama-articulada-en-casa\/","article_published_time":"2026-03-23T10:42:10+00:00","article_modified_time":"2026-04-14T09:50:35+00:00","og_image":[{"width":1024,"height":683,"url":"https:\/\/ekamia.eu\/blog\/wp-content\/uploads\/2026\/03\/ChatGPT-Image-23-mar-2026-11_55_10-1-1024x683.png","type":"image\/png"}],"author":"ekamia-dreams","twitter_card":"summary_large_image","twitter_misc":{"Escrito por":"ekamia-dreams","Tiempo de lectura":"12 minutos"},"schema":{"@context":"https:\/\/schema.org","@graph":[{"@type":"WebPage","@id":"https:\/\/ekamia.eu\/blog\/%f0%9f%9b%8f%ef%b8%8f-como-saber-si-necesitas-una-cama-articulada-en-casa\/","url":"https:\/\/ekamia.eu\/blog\/%f0%9f%9b%8f%ef%b8%8f-como-saber-si-necesitas-una-cama-articulada-en-casa\/","name":"\ud83d\udecf\ufe0f C\u00f3mo saber si necesitas una cama articulada en casa -","isPartOf":{"@id":"https:\/\/ekamia.eu\/blog\/#website"},"primaryImageOfPage":{"@id":"https:\/\/ekamia.eu\/blog\/%f0%9f%9b%8f%ef%b8%8f-como-saber-si-necesitas-una-cama-articulada-en-casa\/#primaryimage"},"image":{"@id":"https:\/\/ekamia.eu\/blog\/%f0%9f%9b%8f%ef%b8%8f-como-saber-si-necesitas-una-cama-articulada-en-casa\/#primaryimage"},"thumbnailUrl":"https:\/\/ekamia.eu\/blog\/wp-content\/uploads\/2026\/03\/ChatGPT-Image-23-mar-2026-11_55_10-1.png","datePublished":"2026-03-23T10:42:10+00:00","dateModified":"2026-04-14T09:50:35+00:00","author":{"@id":"https:\/\/ekamia.eu\/blog\/#\/schema\/person\/118a4a21431587915cd9329047345f28"},"breadcrumb":{"@id":"https:\/\/ekamia.eu\/blog\/%f0%9f%9b%8f%ef%b8%8f-como-saber-si-necesitas-una-cama-articulada-en-casa\/#breadcrumb"},"inLanguage":"es","potentialAction":[{"@type":"ReadAction","target":["https:\/\/ekamia.eu\/blog\/%f0%9f%9b%8f%ef%b8%8f-como-saber-si-necesitas-una-cama-articulada-en-casa\/"]}]},{"@type":"ImageObject","inLanguage":"es","@id":"https:\/\/ekamia.eu\/blog\/%f0%9f%9b%8f%ef%b8%8f-como-saber-si-necesitas-una-cama-articulada-en-casa\/#primaryimage","url":"https:\/\/ekamia.eu\/blog\/wp-content\/uploads\/2026\/03\/ChatGPT-Image-23-mar-2026-11_55_10-1.png","contentUrl":"https:\/\/ekamia.eu\/blog\/wp-content\/uploads\/2026\/03\/ChatGPT-Image-23-mar-2026-11_55_10-1.png","width":1536,"height":1024},{"@type":"BreadcrumbList","@id":"https:\/\/ekamia.eu\/blog\/%f0%9f%9b%8f%ef%b8%8f-como-saber-si-necesitas-una-cama-articulada-en-casa\/#breadcrumb","itemListElement":[{"@type":"ListItem","position":1,"name":"Portada","item":"https:\/\/ekamia.eu\/blog\/"},{"@type":"ListItem","position":2,"name":"\ud83d\udecf\ufe0f C\u00f3mo saber si necesitas una cama articulada en casa"}]},{"@type":"WebSite","@id":"https:\/\/ekamia.eu\/blog\/#website","url":"https:\/\/ekamia.eu\/blog\/","name":"","description":"","potentialAction":[{"@type":"SearchAction","target":{"@type":"EntryPoint","urlTemplate":"https:\/\/ekamia.eu\/blog\/?s={search_term_string}"},"query-input":{"@type":"PropertyValueSpecification","valueRequired":true,"valueName":"search_term_string"}}],"inLanguage":"es"},{"@type":"Person","@id":"https:\/\/ekamia.eu\/blog\/#\/schema\/person\/118a4a21431587915cd9329047345f28","name":"ekamia-dreams","image":{"@type":"ImageObject","inLanguage":"es","@id":"https:\/\/ekamia.eu\/blog\/#\/schema\/person\/image\/","url":"https:\/\/secure.gravatar.com\/avatar\/3f9efff1535a437b844dd4a213cc6dc145e3823a5b6f5945cfa2782d9238760a?s=96&d=mm&r=g","contentUrl":"https:\/\/secure.gravatar.com\/avatar\/3f9efff1535a437b844dd4a213cc6dc145e3823a5b6f5945cfa2782d9238760a?s=96&d=mm&r=g","caption":"ekamia-dreams"},"sameAs":["http:\/\/ekamia.eu\/blog"],"url":"https:\/\/ekamia.eu\/blog\/author\/ekamia-dreams\/"}]}},"_links":{"self":[{"href":"https:\/\/ekamia.eu\/blog\/wp-json\/wp\/v2\/posts\/1076","targetHints":{"allow":["GET"]}}],"collection":[{"href":"https:\/\/ekamia.eu\/blog\/wp-json\/wp\/v2\/posts"}],"about":[{"href":"https:\/\/ekamia.eu\/blog\/wp-json\/wp\/v2\/types\/post"}],"author":[{"embeddable":true,"href":"https:\/\/ekamia.eu\/blog\/wp-json\/wp\/v2\/users\/1"}],"replies":[{"embeddable":true,"href":"https:\/\/ekamia.eu\/blog\/wp-json\/wp\/v2\/comments?post=1076"}],"version-history":[{"count":13,"href":"https:\/\/ekamia.eu\/blog\/wp-json\/wp\/v2\/posts\/1076\/revisions"}],"predecessor-version":[{"id":1116,"href":"https:\/\/ekamia.eu\/blog\/wp-json\/wp\/v2\/posts\/1076\/revisions\/1116"}],"wp:featuredmedia":[{"embeddable":true,"href":"https:\/\/ekamia.eu\/blog\/wp-json\/wp\/v2\/media\/1085"}],"wp:attachment":[{"href":"https:\/\/ekamia.eu\/blog\/wp-json\/wp\/v2\/media?parent=1076"}],"wp:term":[{"taxonomy":"category","embeddable":true,"href":"https:\/\/ekamia.eu\/blog\/wp-json\/wp\/v2\/categories?post=1076"},{"taxonomy":"post_tag","embeddable":true,"href":"https:\/\/ekamia.eu\/blog\/wp-json\/wp\/v2\/tags?post=1076"}],"curies":[{"name":"wp","href":"https:\/\/api.w.org\/{rel}","templated":true}]}}