{"id":190,"date":"2022-08-22T10:00:00","date_gmt":"2022-08-22T10:00:00","guid":{"rendered":"http:\/\/ekamia.eu\/blog\/?p=190"},"modified":"2022-09-01T12:14:30","modified_gmt":"2022-09-01T12:14:30","slug":"adaptar-una-habitacion-para-personas-mayores","status":"publish","type":"post","link":"https:\/\/ekamia.eu\/blog\/adaptar-una-habitacion-para-personas-mayores\/","title":{"rendered":"Adaptar una habitaci\u00f3n para personas mayores"},"content":{"rendered":"<p>Cada d\u00eda tomamos m\u00e1s conciencia de la importancia de que una casa re\u00fana las condiciones necesarias para posibilitar que las personas mayores o con alguna discapacidad, puedan tener calidad de vida. En este caso, la idea de <strong>adaptar una habitaci\u00f3n para personas mayores<\/strong> tiene como objetivo mantener al m\u00e1ximo la autonom\u00eda personal de la persona.<\/p>\n<p>Es una tarea que exige mucha investigaci\u00f3n y atenci\u00f3n al detalle, ya que de esto depender\u00e1 la seguridad de nuestros adultos mayores, as\u00ed como su confort y el de las personas que conviven con ellos. Debe ser un ambiente agradable y c\u00e1lido y por supuesto cargado de su personalidad.<\/p>\n<h2>Una decoraci\u00f3n minimalista<\/h2>\n<p>Es muy importante que el espacio de la casa sea lo m\u00e1s amplio posible, sin muebles que obstaculicen a las personas mayores para moverse sin riesgos a tropezar, as\u00ed como para los casos en que se utilicen sillas de ruedas o andaderas.<\/p>\n<h3>Adaptar los accesos y control del entorno<\/h3>\n<p>Es necesario adaptar los accesos y el entorno, algunos de los aspectos importantes a considerar son:<\/p>\n<ul>\n<li>Eliminar los desniveles o utilizar elevadores verticales en caso de ser necesario.<\/li>\n<li>Colocar barandillas en las escaleras.<\/li>\n<li>Si la vivienda es de varios niveles, ubicar a la persona en la planta baja.<\/li>\n<li>Automatizar la apertura de puertas y adaptar la anchura de las puertas a unos 80cm.<\/li>\n<li>Adaptar, en la medida de los posible, sistemas dom\u00f3ticos para controlar el manejo de persiana, luces, sonido, entre otras cosas.<\/li>\n<li>Eliminar cualquier objeto como alfombras en los pisos que dificulten el tr\u00e1nsito.<\/li>\n<\/ul>\n<h2>Una habitaci\u00f3n totalmente personalizada<\/h2>\n<p>Para <strong>adaptar una habitaci\u00f3n para personas mayores<\/strong>, hay que estudiar muy bien las condiciones de \u00e9stas y el espacio disponible. Sobre todo porque en un gran n\u00famero de casos se utilizan <a href=\"https:\/\/ekamia.eu\/es\/14-camas-geriatricas-articuladas\">camas geri\u00e1tricas articuladas<\/a> que deben tener un \u00e1rea m\u00e1s espaciosa y que no tenga que estar pegada a la pared, para facilitarle el momento de levantarse o acostarse.<\/p>\n<p>Como hemos comentado antes es importante que se cuente con una <a href=\"https:\/\/ekamia.eu\/es\/14-camas-geriatricas-articuladas\">cama geri\u00e1trica articulada y el\u00e9ctrica a poder ser<\/a>, que aun cuando no tenga un grado de dependencia, la persona pueda cambiar de posici\u00f3n seg\u00fan sus necesidades del momento.<\/p>\n<p>El interruptor de luz debe estar al lado de la cama, si no se cuenta con un sistema de dom\u00f3tica. Los armarios deben ser bajos y el televisor debe contar con mando a distancia tanto en la habitaci\u00f3n como en el sal\u00f3n. Tambi\u00e9n es conveniente colocar a su alcance un tel\u00e9fono inal\u00e1mbrico que le permita poder llamar y recibir llamadas sin complicaciones.<\/p>\n<p><strong>Adaptar el ba\u00f1o<\/strong><\/p>\n<p>Es uno de los trabajos m\u00e1s importantes al <strong>adaptar una habitaci\u00f3n para personas mayores adem\u00e1s de la cama para el descanso<\/strong>. Esto es debido a los peligros que implica por s\u00ed mismo el ba\u00f1o. Entre las recomendaciones en estos casos tenemos:<\/p>\n<ul>\n<li>Utilizar plato de ducha en lugar de ba\u00f1era y colocar una alfombra antideslizante.<\/li>\n<li>Evitar que los platos de duchas tengan un nivel muy alto, preferiblemente que sean al ras del suelo.<\/li>\n<li>Los lavabos deber\u00edan ser tipo Access, de tal manera que se pueda acceder incluso con sillas de ruedas.<\/li>\n<li>El retrete debe ser alto y contar con asideros a uno o dos lados que faciliten su uso.<\/li>\n<li>Colocar puertas de acceso que puedan ser retiradas desde afuera en caso de emergencia.<\/li>\n<\/ul>\n<p>Recuerda que desde eKamia disponemos para <a href=\"https:\/\/ekamia.eu\/es\/14-camas-geriatricas-articuladas\">comprar camas articuladas geri\u00e1tricas<\/a> y que sean el\u00e9ctricas o <a href=\"https:\/\/ekamia.eu\/es\/22-sillones-y-butacas-relax\">sillones relax<\/a> con sistema de levantamiento, productos indispensables para cualquier habitaci\u00f3n para personas mayores o personas con movilidad reducida.<\/p>\n\n\n<figure class=\"wp-block-image aligncenter size-full\"><img fetchpriority=\"high\" decoding=\"async\" width=\"900\" height=\"600\" src=\"http:\/\/ekamia.eu\/blog\/wp-content\/uploads\/2022\/09\/Adaptar-una-habitacion-para-mayores.jpg\" alt=\"Adaptar una habitaci\u00f3n para mayores\" class=\"wp-image-192\" srcset=\"https:\/\/ekamia.eu\/blog\/wp-content\/uploads\/2022\/09\/Adaptar-una-habitacion-para-mayores.jpg 900w, https:\/\/ekamia.eu\/blog\/wp-content\/uploads\/2022\/09\/Adaptar-una-habitacion-para-mayores-300x200.jpg 300w, https:\/\/ekamia.eu\/blog\/wp-content\/uploads\/2022\/09\/Adaptar-una-habitacion-para-mayores-768x512.jpg 768w\" sizes=\"(max-width: 900px) 100vw, 900px\" \/><\/figure>\n","protected":false},"excerpt":{"rendered":"<p>Cada d\u00eda tomamos m\u00e1s conciencia de la importancia de que una casa re\u00fana las condiciones necesarias para posibilitar que las personas mayores o con alguna discapacidad, puedan tener calidad de vida. En este caso, la idea de adaptar una habitaci\u00f3n para personas mayores tiene como objetivo mantener al m\u00e1ximo la autonom\u00eda personal de la persona. [&hellip;]<\/p>\n","protected":false},"author":1,"featured_media":191,"comment_status":"open","ping_status":"open","sticky":false,"template":"","format":"standard","meta":{"site-sidebar-layout":"default","site-content-layout":"","ast-site-content-layout":"","site-content-style":"default","site-sidebar-style":"default","ast-global-header-display":"","ast-banner-title-visibility":"","ast-main-header-display":"","ast-hfb-above-header-display":"","ast-hfb-below-header-display":"","ast-hfb-mobile-header-display":"","site-post-title":"","ast-breadcrumbs-content":"","ast-featured-img":"","footer-sml-layout":"","theme-transparent-header-meta":"","adv-header-id-meta":"","stick-header-meta":"","header-above-stick-meta":"","header-main-stick-meta":"","header-below-stick-meta":"","astra-migrate-meta-layouts":"default","ast-page-background-enabled":"default","ast-page-background-meta":{"desktop":{"background-color":"var(--ast-global-color-4)","background-image":"","background-repeat":"repeat","background-position":"center center","background-size":"auto","background-attachment":"scroll","background-type":"","background-media":"","overlay-type":"","overlay-color":"","overlay-opacity":"","overlay-gradient":""},"tablet":{"background-color":"","background-image":"","background-repeat":"repeat","background-position":"center center","background-size":"auto","background-attachment":"scroll","background-type":"","background-media":"","overlay-type":"","overlay-color":"","overlay-opacity":"","overlay-gradient":""},"mobile":{"background-color":"","background-image":"","background-repeat":"repeat","background-position":"center center","background-size":"auto","background-attachment":"scroll","background-type":"","background-media":"","overlay-type":"","overlay-color":"","overlay-opacity":"","overlay-gradient":""}},"ast-content-background-meta":{"desktop":{"background-color":"var(--ast-global-color-5)","background-image":"","background-repeat":"repeat","background-position":"center center","background-size":"auto","background-attachment":"scroll","background-type":"","background-media":"","overlay-type":"","overlay-color":"","overlay-opacity":"","overlay-gradient":""},"tablet":{"background-color":"var(--ast-global-color-5)","background-image":"","background-repeat":"repeat","background-position":"center center","background-size":"auto","background-attachment":"scroll","background-type":"","background-media":"","overlay-type":"","overlay-color":"","overlay-opacity":"","overlay-gradient":""},"mobile":{"background-color":"var(--ast-global-color-5)","background-image":"","background-repeat":"repeat","background-position":"center center","background-size":"auto","background-attachment":"scroll","background-type":"","background-media":"","overlay-type":"","overlay-color":"","overlay-opacity":"","overlay-gradient":""}},"_joinchat":[],"footnotes":""},"categories":[1,5,8],"tags":[],"class_list":["post-190","post","type-post","status-publish","format-standard","has-post-thumbnail","hentry","category-camas-articuladas-electricas","category-camas-geriatricas-y-hospitalarias","category-sillones-y-butacas-relax"],"yoast_head":"<!-- This site is optimized with the Yoast SEO plugin v25.4 - https:\/\/yoast.com\/wordpress\/plugins\/seo\/ -->\n<title>Adaptar una habitaci\u00f3n para personas mayores -<\/title>\n<meta name=\"robots\" content=\"index, follow, max-snippet:-1, max-image-preview:large, max-video-preview:-1\" \/>\n<link rel=\"canonical\" href=\"https:\/\/ekamia.eu\/blog\/adaptar-una-habitacion-para-personas-mayores\/\" \/>\n<meta property=\"og:locale\" content=\"es_ES\" \/>\n<meta property=\"og:type\" content=\"article\" \/>\n<meta property=\"og:title\" content=\"Adaptar una habitaci\u00f3n para personas mayores -\" \/>\n<meta property=\"og:description\" content=\"Cada d\u00eda tomamos m\u00e1s conciencia de la importancia de que una casa re\u00fana las condiciones necesarias para posibilitar que las personas mayores o con alguna discapacidad, puedan tener calidad de vida. En este caso, la idea de adaptar una habitaci\u00f3n para personas mayores tiene como objetivo mantener al m\u00e1ximo la autonom\u00eda personal de la persona. [&hellip;]\" \/>\n<meta property=\"og:url\" content=\"https:\/\/ekamia.eu\/blog\/adaptar-una-habitacion-para-personas-mayores\/\" \/>\n<meta property=\"article:published_time\" content=\"2022-08-22T10:00:00+00:00\" \/>\n<meta property=\"article:modified_time\" content=\"2022-09-01T12:14:30+00:00\" \/>\n<meta property=\"og:image\" content=\"https:\/\/ekamia.eu\/blog\/wp-content\/uploads\/2022\/09\/Adaptar-una-habitacion-para-personas-mayores.jpg\" \/>\n\t<meta property=\"og:image:width\" content=\"900\" \/>\n\t<meta property=\"og:image:height\" content=\"600\" \/>\n\t<meta property=\"og:image:type\" content=\"image\/jpeg\" \/>\n<meta name=\"author\" content=\"ekamia-dreams\" \/>\n<meta name=\"twitter:card\" content=\"summary_large_image\" \/>\n<meta name=\"twitter:label1\" content=\"Escrito por\" \/>\n\t<meta name=\"twitter:data1\" content=\"ekamia-dreams\" \/>\n\t<meta name=\"twitter:label2\" content=\"Tiempo de lectura\" \/>\n\t<meta name=\"twitter:data2\" content=\"3 minutos\" \/>\n<script type=\"application\/ld+json\" class=\"yoast-schema-graph\">{\"@context\":\"https:\/\/schema.org\",\"@graph\":[{\"@type\":\"WebPage\",\"@id\":\"https:\/\/ekamia.eu\/blog\/adaptar-una-habitacion-para-personas-mayores\/\",\"url\":\"https:\/\/ekamia.eu\/blog\/adaptar-una-habitacion-para-personas-mayores\/\",\"name\":\"Adaptar una habitaci\u00f3n para personas mayores -\",\"isPartOf\":{\"@id\":\"https:\/\/ekamia.eu\/blog\/#website\"},\"primaryImageOfPage\":{\"@id\":\"https:\/\/ekamia.eu\/blog\/adaptar-una-habitacion-para-personas-mayores\/#primaryimage\"},\"image\":{\"@id\":\"https:\/\/ekamia.eu\/blog\/adaptar-una-habitacion-para-personas-mayores\/#primaryimage\"},\"thumbnailUrl\":\"https:\/\/ekamia.eu\/blog\/wp-content\/uploads\/2022\/09\/Adaptar-una-habitacion-para-personas-mayores.jpg\",\"datePublished\":\"2022-08-22T10:00:00+00:00\",\"dateModified\":\"2022-09-01T12:14:30+00:00\",\"author\":{\"@id\":\"https:\/\/ekamia.eu\/blog\/#\/schema\/person\/118a4a21431587915cd9329047345f28\"},\"breadcrumb\":{\"@id\":\"https:\/\/ekamia.eu\/blog\/adaptar-una-habitacion-para-personas-mayores\/#breadcrumb\"},\"inLanguage\":\"es\",\"potentialAction\":[{\"@type\":\"ReadAction\",\"target\":[\"https:\/\/ekamia.eu\/blog\/adaptar-una-habitacion-para-personas-mayores\/\"]}]},{\"@type\":\"ImageObject\",\"inLanguage\":\"es\",\"@id\":\"https:\/\/ekamia.eu\/blog\/adaptar-una-habitacion-para-personas-mayores\/#primaryimage\",\"url\":\"https:\/\/ekamia.eu\/blog\/wp-content\/uploads\/2022\/09\/Adaptar-una-habitacion-para-personas-mayores.jpg\",\"contentUrl\":\"https:\/\/ekamia.eu\/blog\/wp-content\/uploads\/2022\/09\/Adaptar-una-habitacion-para-personas-mayores.jpg\",\"width\":900,\"height\":600,\"caption\":\"Adaptar una habitaci\u00f3n para personas mayores\"},{\"@type\":\"BreadcrumbList\",\"@id\":\"https:\/\/ekamia.eu\/blog\/adaptar-una-habitacion-para-personas-mayores\/#breadcrumb\",\"itemListElement\":[{\"@type\":\"ListItem\",\"position\":1,\"name\":\"Portada\",\"item\":\"https:\/\/ekamia.eu\/blog\/\"},{\"@type\":\"ListItem\",\"position\":2,\"name\":\"Adaptar una habitaci\u00f3n para personas mayores\"}]},{\"@type\":\"WebSite\",\"@id\":\"https:\/\/ekamia.eu\/blog\/#website\",\"url\":\"https:\/\/ekamia.eu\/blog\/\",\"name\":\"\",\"description\":\"\",\"potentialAction\":[{\"@type\":\"SearchAction\",\"target\":{\"@type\":\"EntryPoint\",\"urlTemplate\":\"https:\/\/ekamia.eu\/blog\/?s={search_term_string}\"},\"query-input\":{\"@type\":\"PropertyValueSpecification\",\"valueRequired\":true,\"valueName\":\"search_term_string\"}}],\"inLanguage\":\"es\"},{\"@type\":\"Person\",\"@id\":\"https:\/\/ekamia.eu\/blog\/#\/schema\/person\/118a4a21431587915cd9329047345f28\",\"name\":\"ekamia-dreams\",\"image\":{\"@type\":\"ImageObject\",\"inLanguage\":\"es\",\"@id\":\"https:\/\/ekamia.eu\/blog\/#\/schema\/person\/image\/\",\"url\":\"https:\/\/secure.gravatar.com\/avatar\/3f9efff1535a437b844dd4a213cc6dc145e3823a5b6f5945cfa2782d9238760a?s=96&d=mm&r=g\",\"contentUrl\":\"https:\/\/secure.gravatar.com\/avatar\/3f9efff1535a437b844dd4a213cc6dc145e3823a5b6f5945cfa2782d9238760a?s=96&d=mm&r=g\",\"caption\":\"ekamia-dreams\"},\"sameAs\":[\"http:\/\/ekamia.eu\/blog\"],\"url\":\"https:\/\/ekamia.eu\/blog\/author\/ekamia-dreams\/\"}]}<\/script>\n<!-- \/ Yoast SEO plugin. -->","yoast_head_json":{"title":"Adaptar una habitaci\u00f3n para personas mayores -","robots":{"index":"index","follow":"follow","max-snippet":"max-snippet:-1","max-image-preview":"max-image-preview:large","max-video-preview":"max-video-preview:-1"},"canonical":"https:\/\/ekamia.eu\/blog\/adaptar-una-habitacion-para-personas-mayores\/","og_locale":"es_ES","og_type":"article","og_title":"Adaptar una habitaci\u00f3n para personas mayores -","og_description":"Cada d\u00eda tomamos m\u00e1s conciencia de la importancia de que una casa re\u00fana las condiciones necesarias para posibilitar que las personas mayores o con alguna discapacidad, puedan tener calidad de vida. En este caso, la idea de adaptar una habitaci\u00f3n para personas mayores tiene como objetivo mantener al m\u00e1ximo la autonom\u00eda personal de la persona. [&hellip;]","og_url":"https:\/\/ekamia.eu\/blog\/adaptar-una-habitacion-para-personas-mayores\/","article_published_time":"2022-08-22T10:00:00+00:00","article_modified_time":"2022-09-01T12:14:30+00:00","og_image":[{"width":900,"height":600,"url":"https:\/\/ekamia.eu\/blog\/wp-content\/uploads\/2022\/09\/Adaptar-una-habitacion-para-personas-mayores.jpg","type":"image\/jpeg"}],"author":"ekamia-dreams","twitter_card":"summary_large_image","twitter_misc":{"Escrito por":"ekamia-dreams","Tiempo de lectura":"3 minutos"},"schema":{"@context":"https:\/\/schema.org","@graph":[{"@type":"WebPage","@id":"https:\/\/ekamia.eu\/blog\/adaptar-una-habitacion-para-personas-mayores\/","url":"https:\/\/ekamia.eu\/blog\/adaptar-una-habitacion-para-personas-mayores\/","name":"Adaptar una habitaci\u00f3n para personas mayores -","isPartOf":{"@id":"https:\/\/ekamia.eu\/blog\/#website"},"primaryImageOfPage":{"@id":"https:\/\/ekamia.eu\/blog\/adaptar-una-habitacion-para-personas-mayores\/#primaryimage"},"image":{"@id":"https:\/\/ekamia.eu\/blog\/adaptar-una-habitacion-para-personas-mayores\/#primaryimage"},"thumbnailUrl":"https:\/\/ekamia.eu\/blog\/wp-content\/uploads\/2022\/09\/Adaptar-una-habitacion-para-personas-mayores.jpg","datePublished":"2022-08-22T10:00:00+00:00","dateModified":"2022-09-01T12:14:30+00:00","author":{"@id":"https:\/\/ekamia.eu\/blog\/#\/schema\/person\/118a4a21431587915cd9329047345f28"},"breadcrumb":{"@id":"https:\/\/ekamia.eu\/blog\/adaptar-una-habitacion-para-personas-mayores\/#breadcrumb"},"inLanguage":"es","potentialAction":[{"@type":"ReadAction","target":["https:\/\/ekamia.eu\/blog\/adaptar-una-habitacion-para-personas-mayores\/"]}]},{"@type":"ImageObject","inLanguage":"es","@id":"https:\/\/ekamia.eu\/blog\/adaptar-una-habitacion-para-personas-mayores\/#primaryimage","url":"https:\/\/ekamia.eu\/blog\/wp-content\/uploads\/2022\/09\/Adaptar-una-habitacion-para-personas-mayores.jpg","contentUrl":"https:\/\/ekamia.eu\/blog\/wp-content\/uploads\/2022\/09\/Adaptar-una-habitacion-para-personas-mayores.jpg","width":900,"height":600,"caption":"Adaptar una habitaci\u00f3n para personas mayores"},{"@type":"BreadcrumbList","@id":"https:\/\/ekamia.eu\/blog\/adaptar-una-habitacion-para-personas-mayores\/#breadcrumb","itemListElement":[{"@type":"ListItem","position":1,"name":"Portada","item":"https:\/\/ekamia.eu\/blog\/"},{"@type":"ListItem","position":2,"name":"Adaptar una habitaci\u00f3n para personas mayores"}]},{"@type":"WebSite","@id":"https:\/\/ekamia.eu\/blog\/#website","url":"https:\/\/ekamia.eu\/blog\/","name":"","description":"","potentialAction":[{"@type":"SearchAction","target":{"@type":"EntryPoint","urlTemplate":"https:\/\/ekamia.eu\/blog\/?s={search_term_string}"},"query-input":{"@type":"PropertyValueSpecification","valueRequired":true,"valueName":"search_term_string"}}],"inLanguage":"es"},{"@type":"Person","@id":"https:\/\/ekamia.eu\/blog\/#\/schema\/person\/118a4a21431587915cd9329047345f28","name":"ekamia-dreams","image":{"@type":"ImageObject","inLanguage":"es","@id":"https:\/\/ekamia.eu\/blog\/#\/schema\/person\/image\/","url":"https:\/\/secure.gravatar.com\/avatar\/3f9efff1535a437b844dd4a213cc6dc145e3823a5b6f5945cfa2782d9238760a?s=96&d=mm&r=g","contentUrl":"https:\/\/secure.gravatar.com\/avatar\/3f9efff1535a437b844dd4a213cc6dc145e3823a5b6f5945cfa2782d9238760a?s=96&d=mm&r=g","caption":"ekamia-dreams"},"sameAs":["http:\/\/ekamia.eu\/blog"],"url":"https:\/\/ekamia.eu\/blog\/author\/ekamia-dreams\/"}]}},"_links":{"self":[{"href":"https:\/\/ekamia.eu\/blog\/wp-json\/wp\/v2\/posts\/190","targetHints":{"allow":["GET"]}}],"collection":[{"href":"https:\/\/ekamia.eu\/blog\/wp-json\/wp\/v2\/posts"}],"about":[{"href":"https:\/\/ekamia.eu\/blog\/wp-json\/wp\/v2\/types\/post"}],"author":[{"embeddable":true,"href":"https:\/\/ekamia.eu\/blog\/wp-json\/wp\/v2\/users\/1"}],"replies":[{"embeddable":true,"href":"https:\/\/ekamia.eu\/blog\/wp-json\/wp\/v2\/comments?post=190"}],"version-history":[{"count":1,"href":"https:\/\/ekamia.eu\/blog\/wp-json\/wp\/v2\/posts\/190\/revisions"}],"predecessor-version":[{"id":193,"href":"https:\/\/ekamia.eu\/blog\/wp-json\/wp\/v2\/posts\/190\/revisions\/193"}],"wp:featuredmedia":[{"embeddable":true,"href":"https:\/\/ekamia.eu\/blog\/wp-json\/wp\/v2\/media\/191"}],"wp:attachment":[{"href":"https:\/\/ekamia.eu\/blog\/wp-json\/wp\/v2\/media?parent=190"}],"wp:term":[{"taxonomy":"category","embeddable":true,"href":"https:\/\/ekamia.eu\/blog\/wp-json\/wp\/v2\/categories?post=190"},{"taxonomy":"post_tag","embeddable":true,"href":"https:\/\/ekamia.eu\/blog\/wp-json\/wp\/v2\/tags?post=190"}],"curies":[{"name":"wp","href":"https:\/\/api.w.org\/{rel}","templated":true}]}}