{"id":517,"date":"2025-02-26T16:19:12","date_gmt":"2025-02-26T16:19:12","guid":{"rendered":"https:\/\/ekamia.eu\/blog\/?p=517"},"modified":"2025-02-26T16:19:13","modified_gmt":"2025-02-26T16:19:13","slug":"como-elegir-una-cama-geriatrica-adecuada-para-personas-con-movilidad-reducida","status":"publish","type":"post","link":"https:\/\/ekamia.eu\/blog\/como-elegir-una-cama-geriatrica-adecuada-para-personas-con-movilidad-reducida\/","title":{"rendered":"C\u00f3mo elegir una cama geri\u00e1trica adecuada para personas con movilidad reducida"},"content":{"rendered":"\n<p>Seleccionar la cama articulada adecuada es esencial para garantizar el confort, la seguridad y la autonom\u00eda de las personas con movilidad reducida. A continuaci\u00f3n, se detallan los aspectos clave a considerar al tomar esta decisi\u00f3n:<\/p>\n\n\n\n<p><strong>1. Tipos de camas articuladas<\/strong><\/p>\n\n\n\n<ul class=\"wp-block-list\">\n<li><strong>Camas con carro elevador<\/strong>: Estas camas permiten ajustar la altura total de la cama, facilitando las transferencias y el acceso tanto para el usuario como para el cuidador. Por ejemplo, la <a href=\"https:\/\/ekamia.eu\/es\/camas-geriatricas-articuladas\/44-cama-electrica-geriatrica.html\">Cama Articulada Geri\u00e1trica de Hospital El\u00e9ctrica con Carro Elevador<\/a> de eKamia ofrece un somier de 4 planos y un sistema de elevaci\u00f3n que var\u00eda desde 38,5 cm hasta 82 cm, adapt\u00e1ndose a diversas necesidades.<\/li>\n\n\n\n<li><strong>Camas con patas regulables en altura<\/strong>: Ideales cuando no se requiere un ajuste constante de la altura, estas camas permiten modificar la elevaci\u00f3n seg\u00fan las necesidades espec\u00edficas. La <a href=\"https:\/\/ekamia.eu\/es\/camas-geriatricas-articuladas\/45-cama-electrica-geriatrica.html\">Cama Articulada Geri\u00e1trica de Hospital El\u00e9ctrica con Colch\u00f3n Sanitario<\/a> de eKamia incluye patas ajustables y un colch\u00f3n sanitario dise\u00f1ado para proporcionar el m\u00e1ximo confort.<\/li>\n<\/ul>\n\n\n\n<p><strong>2. Caracter\u00edsticas esenciales a considerar<\/strong><\/p>\n\n\n\n<ul class=\"wp-block-list\">\n<li><strong>N\u00famero de planos de articulaci\u00f3n<\/strong>: Cuantos m\u00e1s planos tenga la cama, mayor ser\u00e1 la adaptabilidad a las necesidades del usuario. Las camas de 4 planos, como las mencionadas anteriormente, permiten ajustar la posici\u00f3n de la cabeza, tronco, muslos y piernas de manera independiente.<\/li>\n\n\n\n<li><strong>Accesorios de seguridad<\/strong>: Elementos como barandillas laterales, incorporadores y porta goteros son fundamentales para garantizar la seguridad y facilitar el cuidado diario. eKamia ofrece camas equipadas con estos accesorios, como la <a href=\"https:\/\/ekamia.eu\/es\/camas-geriatricas-articuladas\/44-cama-electrica-geriatrica.html\">Cama Articulada Geri\u00e1trica de Hospital El\u00e9ctrica con Carro Elevador<\/a>, que incluye barandillas met\u00e1licas y opciones adicionales seg\u00fan las necesidades del usuario.<\/li>\n\n\n\n<li><strong>Colch\u00f3n adecuado<\/strong>: Es vital elegir un colch\u00f3n compatible con camas articuladas, preferiblemente sanitario y antiescaras, para prevenir \u00falceras por presi\u00f3n y garantizar la comodidad del usuario. El <a href=\"https:\/\/ekamia.eu\/es\/camas-geriatricas-articuladas\/103-cama-electrica-geriatrica-HR.html\">colch\u00f3n sanitario HR<\/a> disponible en eKamia es una excelente opci\u00f3n para este prop\u00f3sito.<\/li>\n<\/ul>\n\n\n\n<p><strong>3. Beneficios de las camas articuladas para personas con movilidad reducida<\/strong><\/p>\n\n\n\n<ul class=\"wp-block-list\">\n<li><strong>Mejora de la circulaci\u00f3n sangu\u00ednea<\/strong>: Ajustar la posici\u00f3n de las piernas puede favorecer el retorno venoso y reducir la hinchaz\u00f3n.<\/li>\n\n\n\n<li><strong>Facilita las transferencias<\/strong>: La posibilidad de elevar o bajar la cama simplifica el proceso de entrar y salir de ella, reduciendo el riesgo de ca\u00eddas.<\/li>\n\n\n\n<li><strong>Aumento de la autonom\u00eda<\/strong>: Los usuarios pueden ajustar la posici\u00f3n de la cama seg\u00fan sus preferencias, promoviendo la independencia en actividades cotidianas como leer, ver televisi\u00f3n o comer.<\/li>\n<\/ul>\n\n\n\n<p>Al considerar estos aspectos y explorar las opciones disponibles en <a href=\"https:\/\/ekamia.eu\">eKamia.eu<\/a>, podr\u00e1s seleccionar la cama articulada que mejor se adapte a las necesidades espec\u00edficas de las personas con movilidad reducida, garantizando su bienestar y calidad de vida.<\/p>\n\n\n\n<figure class=\"wp-block-image size-large\"><img fetchpriority=\"high\" decoding=\"async\" width=\"1024\" height=\"683\" src=\"http:\/\/ekamia.eu\/blog\/wp-content\/uploads\/2025\/02\/Blog02-1024x683.jpg\" alt=\"\" class=\"wp-image-519\" srcset=\"https:\/\/ekamia.eu\/blog\/wp-content\/uploads\/2025\/02\/Blog02-1024x683.jpg 1024w, https:\/\/ekamia.eu\/blog\/wp-content\/uploads\/2025\/02\/Blog02-300x200.jpg 300w, https:\/\/ekamia.eu\/blog\/wp-content\/uploads\/2025\/02\/Blog02-768x512.jpg 768w, https:\/\/ekamia.eu\/blog\/wp-content\/uploads\/2025\/02\/Blog02-1536x1024.jpg 1536w, https:\/\/ekamia.eu\/blog\/wp-content\/uploads\/2025\/02\/Blog02.jpg 1620w\" sizes=\"(max-width: 1024px) 100vw, 1024px\" \/><\/figure>\n\n\n\n<p><\/p>\n","protected":false},"excerpt":{"rendered":"<p>Seleccionar la cama articulada adecuada es esencial para garantizar el confort, la seguridad y la autonom\u00eda de las personas con movilidad reducida. A continuaci\u00f3n, se detallan los aspectos clave a considerar al tomar esta decisi\u00f3n: 1. Tipos de camas articuladas 2. Caracter\u00edsticas esenciales a considerar 3. Beneficios de las camas articuladas para personas con movilidad [&hellip;]<\/p>\n","protected":false},"author":1,"featured_media":519,"comment_status":"open","ping_status":"open","sticky":false,"template":"","format":"standard","meta":{"site-sidebar-layout":"default","site-content-layout":"","ast-site-content-layout":"","site-content-style":"default","site-sidebar-style":"default","ast-global-header-display":"","ast-banner-title-visibility":"","ast-main-header-display":"","ast-hfb-above-header-display":"","ast-hfb-below-header-display":"","ast-hfb-mobile-header-display":"","site-post-title":"","ast-breadcrumbs-content":"","ast-featured-img":"","footer-sml-layout":"","theme-transparent-header-meta":"","adv-header-id-meta":"","stick-header-meta":"","header-above-stick-meta":"","header-main-stick-meta":"","header-below-stick-meta":"","astra-migrate-meta-layouts":"default","ast-page-background-enabled":"default","ast-page-background-meta":{"desktop":{"background-color":"var(--ast-global-color-4)","background-image":"","background-repeat":"repeat","background-position":"center center","background-size":"auto","background-attachment":"scroll","background-type":"","background-media":"","overlay-type":"","overlay-color":"","overlay-opacity":"","overlay-gradient":""},"tablet":{"background-color":"","background-image":"","background-repeat":"repeat","background-position":"center center","background-size":"auto","background-attachment":"scroll","background-type":"","background-media":"","overlay-type":"","overlay-color":"","overlay-opacity":"","overlay-gradient":""},"mobile":{"background-color":"","background-image":"","background-repeat":"repeat","background-position":"center center","background-size":"auto","background-attachment":"scroll","background-type":"","background-media":"","overlay-type":"","overlay-color":"","overlay-opacity":"","overlay-gradient":""}},"ast-content-background-meta":{"desktop":{"background-color":"var(--ast-global-color-5)","background-image":"","background-repeat":"repeat","background-position":"center center","background-size":"auto","background-attachment":"scroll","background-type":"","background-media":"","overlay-type":"","overlay-color":"","overlay-opacity":"","overlay-gradient":""},"tablet":{"background-color":"var(--ast-global-color-5)","background-image":"","background-repeat":"repeat","background-position":"center center","background-size":"auto","background-attachment":"scroll","background-type":"","background-media":"","overlay-type":"","overlay-color":"","overlay-opacity":"","overlay-gradient":""},"mobile":{"background-color":"var(--ast-global-color-5)","background-image":"","background-repeat":"repeat","background-position":"center center","background-size":"auto","background-attachment":"scroll","background-type":"","background-media":"","overlay-type":"","overlay-color":"","overlay-opacity":"","overlay-gradient":""}},"_joinchat":[],"footnotes":""},"categories":[1,5],"tags":[],"class_list":["post-517","post","type-post","status-publish","format-standard","has-post-thumbnail","hentry","category-camas-articuladas-electricas","category-camas-geriatricas-y-hospitalarias"],"yoast_head":"<!-- This site is optimized with the Yoast SEO plugin v25.4 - https:\/\/yoast.com\/wordpress\/plugins\/seo\/ -->\n<title>C\u00f3mo elegir una cama geri\u00e1trica adecuada para personas con movilidad reducida -<\/title>\n<meta name=\"robots\" content=\"index, follow, max-snippet:-1, max-image-preview:large, max-video-preview:-1\" \/>\n<link rel=\"canonical\" href=\"https:\/\/ekamia.eu\/blog\/como-elegir-una-cama-geriatrica-adecuada-para-personas-con-movilidad-reducida\/\" \/>\n<meta property=\"og:locale\" content=\"es_ES\" \/>\n<meta property=\"og:type\" content=\"article\" \/>\n<meta property=\"og:title\" content=\"C\u00f3mo elegir una cama geri\u00e1trica adecuada para personas con movilidad reducida -\" \/>\n<meta property=\"og:description\" content=\"Seleccionar la cama articulada adecuada es esencial para garantizar el confort, la seguridad y la autonom\u00eda de las personas con movilidad reducida. A continuaci\u00f3n, se detallan los aspectos clave a considerar al tomar esta decisi\u00f3n: 1. Tipos de camas articuladas 2. Caracter\u00edsticas esenciales a considerar 3. Beneficios de las camas articuladas para personas con movilidad [&hellip;]\" \/>\n<meta property=\"og:url\" content=\"https:\/\/ekamia.eu\/blog\/como-elegir-una-cama-geriatrica-adecuada-para-personas-con-movilidad-reducida\/\" \/>\n<meta property=\"article:published_time\" content=\"2025-02-26T16:19:12+00:00\" \/>\n<meta property=\"article:modified_time\" content=\"2025-02-26T16:19:13+00:00\" \/>\n<meta property=\"og:image\" content=\"https:\/\/ekamia.eu\/blog\/wp-content\/uploads\/2025\/02\/Blog02.jpg\" \/>\n\t<meta property=\"og:image:width\" content=\"1620\" \/>\n\t<meta property=\"og:image:height\" content=\"1080\" \/>\n\t<meta property=\"og:image:type\" content=\"image\/jpeg\" \/>\n<meta name=\"author\" content=\"ekamia-dreams\" \/>\n<meta name=\"twitter:card\" content=\"summary_large_image\" \/>\n<meta name=\"twitter:label1\" content=\"Escrito por\" \/>\n\t<meta name=\"twitter:data1\" content=\"ekamia-dreams\" \/>\n\t<meta name=\"twitter:label2\" content=\"Tiempo de lectura\" \/>\n\t<meta name=\"twitter:data2\" content=\"2 minutos\" \/>\n<script type=\"application\/ld+json\" class=\"yoast-schema-graph\">{\"@context\":\"https:\/\/schema.org\",\"@graph\":[{\"@type\":\"WebPage\",\"@id\":\"https:\/\/ekamia.eu\/blog\/como-elegir-una-cama-geriatrica-adecuada-para-personas-con-movilidad-reducida\/\",\"url\":\"https:\/\/ekamia.eu\/blog\/como-elegir-una-cama-geriatrica-adecuada-para-personas-con-movilidad-reducida\/\",\"name\":\"C\u00f3mo elegir una cama geri\u00e1trica adecuada para personas con movilidad reducida -\",\"isPartOf\":{\"@id\":\"https:\/\/ekamia.eu\/blog\/#website\"},\"primaryImageOfPage\":{\"@id\":\"https:\/\/ekamia.eu\/blog\/como-elegir-una-cama-geriatrica-adecuada-para-personas-con-movilidad-reducida\/#primaryimage\"},\"image\":{\"@id\":\"https:\/\/ekamia.eu\/blog\/como-elegir-una-cama-geriatrica-adecuada-para-personas-con-movilidad-reducida\/#primaryimage\"},\"thumbnailUrl\":\"https:\/\/ekamia.eu\/blog\/wp-content\/uploads\/2025\/02\/Blog02.jpg\",\"datePublished\":\"2025-02-26T16:19:12+00:00\",\"dateModified\":\"2025-02-26T16:19:13+00:00\",\"author\":{\"@id\":\"https:\/\/ekamia.eu\/blog\/#\/schema\/person\/118a4a21431587915cd9329047345f28\"},\"breadcrumb\":{\"@id\":\"https:\/\/ekamia.eu\/blog\/como-elegir-una-cama-geriatrica-adecuada-para-personas-con-movilidad-reducida\/#breadcrumb\"},\"inLanguage\":\"es\",\"potentialAction\":[{\"@type\":\"ReadAction\",\"target\":[\"https:\/\/ekamia.eu\/blog\/como-elegir-una-cama-geriatrica-adecuada-para-personas-con-movilidad-reducida\/\"]}]},{\"@type\":\"ImageObject\",\"inLanguage\":\"es\",\"@id\":\"https:\/\/ekamia.eu\/blog\/como-elegir-una-cama-geriatrica-adecuada-para-personas-con-movilidad-reducida\/#primaryimage\",\"url\":\"https:\/\/ekamia.eu\/blog\/wp-content\/uploads\/2025\/02\/Blog02.jpg\",\"contentUrl\":\"https:\/\/ekamia.eu\/blog\/wp-content\/uploads\/2025\/02\/Blog02.jpg\",\"width\":1620,\"height\":1080},{\"@type\":\"BreadcrumbList\",\"@id\":\"https:\/\/ekamia.eu\/blog\/como-elegir-una-cama-geriatrica-adecuada-para-personas-con-movilidad-reducida\/#breadcrumb\",\"itemListElement\":[{\"@type\":\"ListItem\",\"position\":1,\"name\":\"Portada\",\"item\":\"https:\/\/ekamia.eu\/blog\/\"},{\"@type\":\"ListItem\",\"position\":2,\"name\":\"C\u00f3mo elegir una cama geri\u00e1trica adecuada para personas con movilidad reducida\"}]},{\"@type\":\"WebSite\",\"@id\":\"https:\/\/ekamia.eu\/blog\/#website\",\"url\":\"https:\/\/ekamia.eu\/blog\/\",\"name\":\"\",\"description\":\"\",\"potentialAction\":[{\"@type\":\"SearchAction\",\"target\":{\"@type\":\"EntryPoint\",\"urlTemplate\":\"https:\/\/ekamia.eu\/blog\/?s={search_term_string}\"},\"query-input\":{\"@type\":\"PropertyValueSpecification\",\"valueRequired\":true,\"valueName\":\"search_term_string\"}}],\"inLanguage\":\"es\"},{\"@type\":\"Person\",\"@id\":\"https:\/\/ekamia.eu\/blog\/#\/schema\/person\/118a4a21431587915cd9329047345f28\",\"name\":\"ekamia-dreams\",\"image\":{\"@type\":\"ImageObject\",\"inLanguage\":\"es\",\"@id\":\"https:\/\/ekamia.eu\/blog\/#\/schema\/person\/image\/\",\"url\":\"https:\/\/secure.gravatar.com\/avatar\/3f9efff1535a437b844dd4a213cc6dc145e3823a5b6f5945cfa2782d9238760a?s=96&d=mm&r=g\",\"contentUrl\":\"https:\/\/secure.gravatar.com\/avatar\/3f9efff1535a437b844dd4a213cc6dc145e3823a5b6f5945cfa2782d9238760a?s=96&d=mm&r=g\",\"caption\":\"ekamia-dreams\"},\"sameAs\":[\"http:\/\/ekamia.eu\/blog\"],\"url\":\"https:\/\/ekamia.eu\/blog\/author\/ekamia-dreams\/\"}]}<\/script>\n<!-- \/ Yoast SEO plugin. -->","yoast_head_json":{"title":"C\u00f3mo elegir una cama geri\u00e1trica adecuada para personas con movilidad reducida -","robots":{"index":"index","follow":"follow","max-snippet":"max-snippet:-1","max-image-preview":"max-image-preview:large","max-video-preview":"max-video-preview:-1"},"canonical":"https:\/\/ekamia.eu\/blog\/como-elegir-una-cama-geriatrica-adecuada-para-personas-con-movilidad-reducida\/","og_locale":"es_ES","og_type":"article","og_title":"C\u00f3mo elegir una cama geri\u00e1trica adecuada para personas con movilidad reducida -","og_description":"Seleccionar la cama articulada adecuada es esencial para garantizar el confort, la seguridad y la autonom\u00eda de las personas con movilidad reducida. A continuaci\u00f3n, se detallan los aspectos clave a considerar al tomar esta decisi\u00f3n: 1. Tipos de camas articuladas 2. Caracter\u00edsticas esenciales a considerar 3. Beneficios de las camas articuladas para personas con movilidad [&hellip;]","og_url":"https:\/\/ekamia.eu\/blog\/como-elegir-una-cama-geriatrica-adecuada-para-personas-con-movilidad-reducida\/","article_published_time":"2025-02-26T16:19:12+00:00","article_modified_time":"2025-02-26T16:19:13+00:00","og_image":[{"width":1620,"height":1080,"url":"https:\/\/ekamia.eu\/blog\/wp-content\/uploads\/2025\/02\/Blog02.jpg","type":"image\/jpeg"}],"author":"ekamia-dreams","twitter_card":"summary_large_image","twitter_misc":{"Escrito por":"ekamia-dreams","Tiempo de lectura":"2 minutos"},"schema":{"@context":"https:\/\/schema.org","@graph":[{"@type":"WebPage","@id":"https:\/\/ekamia.eu\/blog\/como-elegir-una-cama-geriatrica-adecuada-para-personas-con-movilidad-reducida\/","url":"https:\/\/ekamia.eu\/blog\/como-elegir-una-cama-geriatrica-adecuada-para-personas-con-movilidad-reducida\/","name":"C\u00f3mo elegir una cama geri\u00e1trica adecuada para personas con movilidad reducida -","isPartOf":{"@id":"https:\/\/ekamia.eu\/blog\/#website"},"primaryImageOfPage":{"@id":"https:\/\/ekamia.eu\/blog\/como-elegir-una-cama-geriatrica-adecuada-para-personas-con-movilidad-reducida\/#primaryimage"},"image":{"@id":"https:\/\/ekamia.eu\/blog\/como-elegir-una-cama-geriatrica-adecuada-para-personas-con-movilidad-reducida\/#primaryimage"},"thumbnailUrl":"https:\/\/ekamia.eu\/blog\/wp-content\/uploads\/2025\/02\/Blog02.jpg","datePublished":"2025-02-26T16:19:12+00:00","dateModified":"2025-02-26T16:19:13+00:00","author":{"@id":"https:\/\/ekamia.eu\/blog\/#\/schema\/person\/118a4a21431587915cd9329047345f28"},"breadcrumb":{"@id":"https:\/\/ekamia.eu\/blog\/como-elegir-una-cama-geriatrica-adecuada-para-personas-con-movilidad-reducida\/#breadcrumb"},"inLanguage":"es","potentialAction":[{"@type":"ReadAction","target":["https:\/\/ekamia.eu\/blog\/como-elegir-una-cama-geriatrica-adecuada-para-personas-con-movilidad-reducida\/"]}]},{"@type":"ImageObject","inLanguage":"es","@id":"https:\/\/ekamia.eu\/blog\/como-elegir-una-cama-geriatrica-adecuada-para-personas-con-movilidad-reducida\/#primaryimage","url":"https:\/\/ekamia.eu\/blog\/wp-content\/uploads\/2025\/02\/Blog02.jpg","contentUrl":"https:\/\/ekamia.eu\/blog\/wp-content\/uploads\/2025\/02\/Blog02.jpg","width":1620,"height":1080},{"@type":"BreadcrumbList","@id":"https:\/\/ekamia.eu\/blog\/como-elegir-una-cama-geriatrica-adecuada-para-personas-con-movilidad-reducida\/#breadcrumb","itemListElement":[{"@type":"ListItem","position":1,"name":"Portada","item":"https:\/\/ekamia.eu\/blog\/"},{"@type":"ListItem","position":2,"name":"C\u00f3mo elegir una cama geri\u00e1trica adecuada para personas con movilidad reducida"}]},{"@type":"WebSite","@id":"https:\/\/ekamia.eu\/blog\/#website","url":"https:\/\/ekamia.eu\/blog\/","name":"","description":"","potentialAction":[{"@type":"SearchAction","target":{"@type":"EntryPoint","urlTemplate":"https:\/\/ekamia.eu\/blog\/?s={search_term_string}"},"query-input":{"@type":"PropertyValueSpecification","valueRequired":true,"valueName":"search_term_string"}}],"inLanguage":"es"},{"@type":"Person","@id":"https:\/\/ekamia.eu\/blog\/#\/schema\/person\/118a4a21431587915cd9329047345f28","name":"ekamia-dreams","image":{"@type":"ImageObject","inLanguage":"es","@id":"https:\/\/ekamia.eu\/blog\/#\/schema\/person\/image\/","url":"https:\/\/secure.gravatar.com\/avatar\/3f9efff1535a437b844dd4a213cc6dc145e3823a5b6f5945cfa2782d9238760a?s=96&d=mm&r=g","contentUrl":"https:\/\/secure.gravatar.com\/avatar\/3f9efff1535a437b844dd4a213cc6dc145e3823a5b6f5945cfa2782d9238760a?s=96&d=mm&r=g","caption":"ekamia-dreams"},"sameAs":["http:\/\/ekamia.eu\/blog"],"url":"https:\/\/ekamia.eu\/blog\/author\/ekamia-dreams\/"}]}},"_links":{"self":[{"href":"https:\/\/ekamia.eu\/blog\/wp-json\/wp\/v2\/posts\/517","targetHints":{"allow":["GET"]}}],"collection":[{"href":"https:\/\/ekamia.eu\/blog\/wp-json\/wp\/v2\/posts"}],"about":[{"href":"https:\/\/ekamia.eu\/blog\/wp-json\/wp\/v2\/types\/post"}],"author":[{"embeddable":true,"href":"https:\/\/ekamia.eu\/blog\/wp-json\/wp\/v2\/users\/1"}],"replies":[{"embeddable":true,"href":"https:\/\/ekamia.eu\/blog\/wp-json\/wp\/v2\/comments?post=517"}],"version-history":[{"count":3,"href":"https:\/\/ekamia.eu\/blog\/wp-json\/wp\/v2\/posts\/517\/revisions"}],"predecessor-version":[{"id":523,"href":"https:\/\/ekamia.eu\/blog\/wp-json\/wp\/v2\/posts\/517\/revisions\/523"}],"wp:featuredmedia":[{"embeddable":true,"href":"https:\/\/ekamia.eu\/blog\/wp-json\/wp\/v2\/media\/519"}],"wp:attachment":[{"href":"https:\/\/ekamia.eu\/blog\/wp-json\/wp\/v2\/media?parent=517"}],"wp:term":[{"taxonomy":"category","embeddable":true,"href":"https:\/\/ekamia.eu\/blog\/wp-json\/wp\/v2\/categories?post=517"},{"taxonomy":"post_tag","embeddable":true,"href":"https:\/\/ekamia.eu\/blog\/wp-json\/wp\/v2\/tags?post=517"}],"curies":[{"name":"wp","href":"https:\/\/api.w.org\/{rel}","templated":true}]}}